{"id":239,"date":"2020-09-16T11:19:20","date_gmt":"2020-09-16T09:19:20","guid":{"rendered":"http:\/\/laurenceretourne.fr\/?p=239"},"modified":"2020-09-16T11:48:46","modified_gmt":"2020-09-16T09:48:46","slug":"a-athenes-1e-volet-du-petit-seminaire-maat-aout-2014","status":"publish","type":"post","link":"https:\/\/laurenceretourne.fr\/?p=239","title":{"rendered":"\u00c0 Ath\u00e8nes, 1e volet du \u00ab\u00a0petit s\u00e9minaire Ma\u00e2t\u00a0\u00bb (Aout 2014)"},"content":{"rendered":"\n<p>Voil\u00e0 quelques temps d\u00e9j\u00e0 que la Ma\u00e2t \u00e9gyptienne passionne quelques disciplines diff\u00e9rentes, qu&rsquo;il s&rsquo;agisse de la th\u00e9ologie, de la sociologie, la philosophie, l&rsquo;histoire, &#8230; Chacun \u00e0 notre mani\u00e8re avons voulu interroger cette notion religieuse n\u00e9e en Egypte Ancienne en fonction de notre sp\u00e9cialit\u00e9.&nbsp;<\/p>\n\n\n\n<p>Originaire de l&rsquo;une des premi\u00e8res civilisations, il \u00e9tait normal de consacrer le premier volet du s\u00e9minaire \u00e0 son contexte d&rsquo;\u00e9laboration soit l&rsquo;Ancien Empire \u00e9gyptien et \u00e0 son \u00e9panouissement au fur et \u00e0 mesure du temps. Il s&rsquo;agit avant tout d&rsquo;en pr\u00e9senter les atours originels afin de poser les grands principes de son intervention dans les diff\u00e9rents mondes relationnels \u00e9gyptiens (rapport \u00e0 l&rsquo;autre, au roi, au monde de l&rsquo;Au-del\u00e0 et des dieux).<\/p>\n\n\n\n<p>De sa naissance conceptuelle \u00e0 sa divinisation, nous chercherons \u00e0 \u00e9tablir comment s&rsquo;exprime son pouvoir civilisateur, jusqu&rsquo;\u00e0 devenir \u00ab\u00a0ce dont se nourrissent les dieux\u00a0\u00bb.<\/p>\n\n\n\n<p>&nbsp;Forts de ces&nbsp;<em>axiomes de base,&nbsp;<\/em>nous programmerons les autres volets de ce&nbsp;<em>petit s\u00e9minaire&nbsp;<\/em>visant \u00e0 r\u00e9fl\u00e9chir sur nos propres besoins civilisationnels, sujet s&rsquo;il en est d&rsquo;actualit\u00e9.<\/p>\n","protected":false},"excerpt":{"rendered":"<p>Voil\u00e0 quelques temps d\u00e9j\u00e0 que la Ma\u00e2t \u00e9gyptienne passionne quelques disciplines diff\u00e9rentes, qu&rsquo;il s&rsquo;agisse de la th\u00e9ologie, de la sociologie, la philosophie, l&rsquo;histoire, &#8230; Chacun \u00e0 notre mani\u00e8re avons voulu interroger cette notion religieuse n\u00e9e en Egypte Ancienne en fonction de notre sp\u00e9cialit\u00e9.&nbsp; Originaire de l&rsquo;une des premi\u00e8res civilisations, il \u00e9tait normal de consacrer le [&hellip;]<\/p>\n","protected":false},"author":1,"featured_media":253,"comment_status":"open","ping_status":"open","sticky":false,"template":"","format":"standard","meta":{"spay_email":"","footnotes":""},"categories":[1],"tags":[],"class_list":["post-239","post","type-post","status-publish","format-standard","has-post-thumbnail","hentry","category-non-classe","entry","has-media"],"yoast_head":"<!-- This site is optimized with the Yoast SEO plugin v17.0 - https:\/\/yoast.com\/wordpress\/plugins\/seo\/ -->\n<title>\u00c0 Ath\u00e8nes, 1e volet du &quot;petit s\u00e9minaire Ma\u00e2t&quot; (Aout 2014) - Laurence Retourn\u00e9<\/title>\n<meta name=\"robots\" content=\"index, follow, max-snippet:-1, max-image-preview:large, max-video-preview:-1\" \/>\n<link rel=\"canonical\" href=\"https:\/\/laurenceretourne.fr\/?p=239\" \/>\n<meta property=\"og:locale\" content=\"fr_FR\" \/>\n<meta property=\"og:type\" content=\"article\" \/>\n<meta property=\"og:title\" content=\"\u00c0 Ath\u00e8nes, 1e volet du &quot;petit s\u00e9minaire Ma\u00e2t&quot; (Aout 2014) - Laurence Retourn\u00e9\" \/>\n<meta property=\"og:description\" content=\"Voil\u00e0 quelques temps d\u00e9j\u00e0 que la Ma\u00e2t \u00e9gyptienne passionne quelques disciplines diff\u00e9rentes, qu&rsquo;il s&rsquo;agisse de la th\u00e9ologie, de la sociologie, la philosophie, l&rsquo;histoire, &#8230; Chacun \u00e0 notre mani\u00e8re avons voulu interroger cette notion religieuse n\u00e9e en Egypte Ancienne en fonction de notre sp\u00e9cialit\u00e9.&nbsp; Originaire de l&rsquo;une des premi\u00e8res civilisations, il \u00e9tait normal de consacrer le [&hellip;]\" \/>\n<meta property=\"og:url\" content=\"https:\/\/laurenceretourne.fr\/?p=239\" \/>\n<meta property=\"og:site_name\" content=\"Laurence Retourn\u00e9\" \/>\n<meta property=\"article:published_time\" content=\"2020-09-16T09:19:20+00:00\" \/>\n<meta property=\"article:modified_time\" content=\"2020-09-16T09:48:46+00:00\" \/>\n<meta property=\"og:image\" content=\"https:\/\/laurenceretourne.fr\/wp-content\/uploads\/2020\/09\/27.png\" \/>\n\t<meta property=\"og:image:width\" content=\"548\" \/>\n\t<meta property=\"og:image:height\" content=\"715\" \/>\n<meta name=\"twitter:card\" content=\"summary_large_image\" \/>\n<meta name=\"twitter:label1\" content=\"\u00c9crit par\" \/>\n\t<meta name=\"twitter:data1\" content=\"Laurence Retourn\u00e9\" \/>\n\t<meta name=\"twitter:label2\" content=\"Dur\u00e9e de lecture est.\" \/>\n\t<meta name=\"twitter:data2\" content=\"1 minute\" \/>\n<script type=\"application\/ld+json\" class=\"yoast-schema-graph\">{\"@context\":\"https:\/\/schema.org\",\"@graph\":[{\"@type\":\"WebSite\",\"@id\":\"https:\/\/laurenceretourne.fr\/#website\",\"url\":\"https:\/\/laurenceretourne.fr\/\",\"name\":\"Laurence Retourn\\u00e9\",\"description\":\"\",\"potentialAction\":[{\"@type\":\"SearchAction\",\"target\":{\"@type\":\"EntryPoint\",\"urlTemplate\":\"https:\/\/laurenceretourne.fr\/?s={search_term_string}\"},\"query-input\":\"required name=search_term_string\"}],\"inLanguage\":\"fr-FR\"},{\"@type\":\"ImageObject\",\"@id\":\"https:\/\/laurenceretourne.fr\/?p=239#primaryimage\",\"inLanguage\":\"fr-FR\",\"url\":\"https:\/\/laurenceretourne.fr\/wp-content\/uploads\/2020\/09\/27.png\",\"contentUrl\":\"https:\/\/laurenceretourne.fr\/wp-content\/uploads\/2020\/09\/27.png\",\"width\":548,\"height\":715},{\"@type\":\"WebPage\",\"@id\":\"https:\/\/laurenceretourne.fr\/?p=239#webpage\",\"url\":\"https:\/\/laurenceretourne.fr\/?p=239\",\"name\":\"\\u00c0 Ath\\u00e8nes, 1e volet du \\\"petit s\\u00e9minaire Ma\\u00e2t\\\" (Aout 2014) - Laurence Retourn\\u00e9\",\"isPartOf\":{\"@id\":\"https:\/\/laurenceretourne.fr\/#website\"},\"primaryImageOfPage\":{\"@id\":\"https:\/\/laurenceretourne.fr\/?p=239#primaryimage\"},\"datePublished\":\"2020-09-16T09:19:20+00:00\",\"dateModified\":\"2020-09-16T09:48:46+00:00\",\"author\":{\"@id\":\"https:\/\/laurenceretourne.fr\/#\/schema\/person\/be4f3ec980b6a8211f624accd00c9298\"},\"breadcrumb\":{\"@id\":\"https:\/\/laurenceretourne.fr\/?p=239#breadcrumb\"},\"inLanguage\":\"fr-FR\",\"potentialAction\":[{\"@type\":\"ReadAction\",\"target\":[\"https:\/\/laurenceretourne.fr\/?p=239\"]}]},{\"@type\":\"BreadcrumbList\",\"@id\":\"https:\/\/laurenceretourne.fr\/?p=239#breadcrumb\",\"itemListElement\":[{\"@type\":\"ListItem\",\"position\":1,\"name\":\"Accueil\",\"item\":\"https:\/\/laurenceretourne.fr\/\"},{\"@type\":\"ListItem\",\"position\":2,\"name\":\"\\u00c0 Ath\\u00e8nes, 1e volet du \\u00ab\\u00a0petit s\\u00e9minaire Ma\\u00e2t\\u00a0\\u00bb (Aout 2014)\"}]},{\"@type\":\"Person\",\"@id\":\"https:\/\/laurenceretourne.fr\/#\/schema\/person\/be4f3ec980b6a8211f624accd00c9298\",\"name\":\"Laurence Retourn\\u00e9\",\"image\":{\"@type\":\"ImageObject\",\"@id\":\"https:\/\/laurenceretourne.fr\/#personlogo\",\"inLanguage\":\"fr-FR\",\"url\":\"https:\/\/secure.gravatar.com\/avatar\/21282970b8db18c1cc3b92080136983c?s=96&d=mm&r=g\",\"contentUrl\":\"https:\/\/secure.gravatar.com\/avatar\/21282970b8db18c1cc3b92080136983c?s=96&d=mm&r=g\",\"caption\":\"Laurence Retourn\\u00e9\"},\"url\":\"https:\/\/laurenceretourne.fr\/?author=1\"}]}<\/script>\n<!-- \/ Yoast SEO plugin. -->","yoast_head_json":{"title":"\u00c0 Ath\u00e8nes, 1e volet du \"petit s\u00e9minaire Ma\u00e2t\" (Aout 2014) - Laurence Retourn\u00e9","robots":{"index":"index","follow":"follow","max-snippet":"max-snippet:-1","max-image-preview":"max-image-preview:large","max-video-preview":"max-video-preview:-1"},"canonical":"https:\/\/laurenceretourne.fr\/?p=239","og_locale":"fr_FR","og_type":"article","og_title":"\u00c0 Ath\u00e8nes, 1e volet du \"petit s\u00e9minaire Ma\u00e2t\" (Aout 2014) - Laurence Retourn\u00e9","og_description":"Voil\u00e0 quelques temps d\u00e9j\u00e0 que la Ma\u00e2t \u00e9gyptienne passionne quelques disciplines diff\u00e9rentes, qu&rsquo;il s&rsquo;agisse de la th\u00e9ologie, de la sociologie, la philosophie, l&rsquo;histoire, &#8230; Chacun \u00e0 notre mani\u00e8re avons voulu interroger cette notion religieuse n\u00e9e en Egypte Ancienne en fonction de notre sp\u00e9cialit\u00e9.&nbsp; Originaire de l&rsquo;une des premi\u00e8res civilisations, il \u00e9tait normal de consacrer le [&hellip;]","og_url":"https:\/\/laurenceretourne.fr\/?p=239","og_site_name":"Laurence Retourn\u00e9","article_published_time":"2020-09-16T09:19:20+00:00","article_modified_time":"2020-09-16T09:48:46+00:00","og_image":[{"width":548,"height":715,"url":"https:\/\/laurenceretourne.fr\/wp-content\/uploads\/2020\/09\/27.png","path":"\/home\/laurencepe\/www\/wp-content\/uploads\/2020\/09\/27.png","size":"full","id":253,"alt":"","pixels":391820,"type":"image\/png"}],"twitter_card":"summary_large_image","twitter_misc":{"\u00c9crit par":"Laurence Retourn\u00e9","Dur\u00e9e de lecture est.":"1 minute"},"schema":{"@context":"https:\/\/schema.org","@graph":[{"@type":"WebSite","@id":"https:\/\/laurenceretourne.fr\/#website","url":"https:\/\/laurenceretourne.fr\/","name":"Laurence Retourn\u00e9","description":"","potentialAction":[{"@type":"SearchAction","target":{"@type":"EntryPoint","urlTemplate":"https:\/\/laurenceretourne.fr\/?s={search_term_string}"},"query-input":"required name=search_term_string"}],"inLanguage":"fr-FR"},{"@type":"ImageObject","@id":"https:\/\/laurenceretourne.fr\/?p=239#primaryimage","inLanguage":"fr-FR","url":"https:\/\/laurenceretourne.fr\/wp-content\/uploads\/2020\/09\/27.png","contentUrl":"https:\/\/laurenceretourne.fr\/wp-content\/uploads\/2020\/09\/27.png","width":548,"height":715},{"@type":"WebPage","@id":"https:\/\/laurenceretourne.fr\/?p=239#webpage","url":"https:\/\/laurenceretourne.fr\/?p=239","name":"\u00c0 Ath\u00e8nes, 1e volet du \"petit s\u00e9minaire Ma\u00e2t\" (Aout 2014) - Laurence Retourn\u00e9","isPartOf":{"@id":"https:\/\/laurenceretourne.fr\/#website"},"primaryImageOfPage":{"@id":"https:\/\/laurenceretourne.fr\/?p=239#primaryimage"},"datePublished":"2020-09-16T09:19:20+00:00","dateModified":"2020-09-16T09:48:46+00:00","author":{"@id":"https:\/\/laurenceretourne.fr\/#\/schema\/person\/be4f3ec980b6a8211f624accd00c9298"},"breadcrumb":{"@id":"https:\/\/laurenceretourne.fr\/?p=239#breadcrumb"},"inLanguage":"fr-FR","potentialAction":[{"@type":"ReadAction","target":["https:\/\/laurenceretourne.fr\/?p=239"]}]},{"@type":"BreadcrumbList","@id":"https:\/\/laurenceretourne.fr\/?p=239#breadcrumb","itemListElement":[{"@type":"ListItem","position":1,"name":"Accueil","item":"https:\/\/laurenceretourne.fr\/"},{"@type":"ListItem","position":2,"name":"\u00c0 Ath\u00e8nes, 1e volet du \u00ab\u00a0petit s\u00e9minaire Ma\u00e2t\u00a0\u00bb (Aout 2014)"}]},{"@type":"Person","@id":"https:\/\/laurenceretourne.fr\/#\/schema\/person\/be4f3ec980b6a8211f624accd00c9298","name":"Laurence Retourn\u00e9","image":{"@type":"ImageObject","@id":"https:\/\/laurenceretourne.fr\/#personlogo","inLanguage":"fr-FR","url":"https:\/\/secure.gravatar.com\/avatar\/21282970b8db18c1cc3b92080136983c?s=96&d=mm&r=g","contentUrl":"https:\/\/secure.gravatar.com\/avatar\/21282970b8db18c1cc3b92080136983c?s=96&d=mm&r=g","caption":"Laurence Retourn\u00e9"},"url":"https:\/\/laurenceretourne.fr\/?author=1"}]}},"jetpack_featured_media_url":"https:\/\/laurenceretourne.fr\/wp-content\/uploads\/2020\/09\/27.png","_links":{"self":[{"href":"https:\/\/laurenceretourne.fr\/index.php?rest_route=\/wp\/v2\/posts\/239"}],"collection":[{"href":"https:\/\/laurenceretourne.fr\/index.php?rest_route=\/wp\/v2\/posts"}],"about":[{"href":"https:\/\/laurenceretourne.fr\/index.php?rest_route=\/wp\/v2\/types\/post"}],"author":[{"embeddable":true,"href":"https:\/\/laurenceretourne.fr\/index.php?rest_route=\/wp\/v2\/users\/1"}],"replies":[{"embeddable":true,"href":"https:\/\/laurenceretourne.fr\/index.php?rest_route=%2Fwp%2Fv2%2Fcomments&post=239"}],"version-history":[{"count":1,"href":"https:\/\/laurenceretourne.fr\/index.php?rest_route=\/wp\/v2\/posts\/239\/revisions"}],"predecessor-version":[{"id":240,"href":"https:\/\/laurenceretourne.fr\/index.php?rest_route=\/wp\/v2\/posts\/239\/revisions\/240"}],"wp:featuredmedia":[{"embeddable":true,"href":"https:\/\/laurenceretourne.fr\/index.php?rest_route=\/wp\/v2\/media\/253"}],"wp:attachment":[{"href":"https:\/\/laurenceretourne.fr\/index.php?rest_route=%2Fwp%2Fv2%2Fmedia&parent=239"}],"wp:term":[{"taxonomy":"category","embeddable":true,"href":"https:\/\/laurenceretourne.fr\/index.php?rest_route=%2Fwp%2Fv2%2Fcategories&post=239"},{"taxonomy":"post_tag","embeddable":true,"href":"https:\/\/laurenceretourne.fr\/index.php?rest_route=%2Fwp%2Fv2%2Ftags&post=239"}],"curies":[{"name":"wp","href":"https:\/\/api.w.org\/{rel}","templated":true}]}}